{"id":2377,"date":"2025-03-04T09:16:25","date_gmt":"2025-03-04T07:16:25","guid":{"rendered":"https:\/\/www.mg-sskvitkovice.cz\/?p=2377"},"modified":"2025-03-19T13:44:35","modified_gmt":"2025-03-19T11:44:35","slug":"zahajeni-zavodni-sezony-modernich-gymnastek","status":"publish","type":"post","link":"https:\/\/www.mg-sskvitkovice.cz\/?p=2377","title":{"rendered":"Zah\u00e1jen\u00ed z\u00e1vodn\u00ed sezony modern\u00edch gymnastek"},"content":{"rendered":"\n<p>V&nbsp;sobotu 1.3. zah\u00e1jily&nbsp; gymnastky&nbsp; na\u0161eho klubu modern\u00ed gymnastiky SSK V\u00edtkovice z\u00e1vodn\u00ed sezonu . \u00da\u010dastnily se I. z\u00e1vodu SM superligy, kter\u00fd se konal v&nbsp;Olomouci.<\/p>\n\n\n\n<p>Z\u00e1vodu se celkem z\u00fa\u010dastilo 87 z\u00e1vodnic ze 6-ti klub\u016f severn\u00ed Moravy.&nbsp; V\u00fdkony byly r\u016fzn\u00e9, tak jak tomu na za\u010d\u00e1tku sezony v\u011bt\u0161inou b\u00fdv\u00e1. N\u011bkomu se da\u0159ilo v\u00edc, n\u011bkomu m\u00e9n\u011b.<\/p>\n\n\n\n<p>Z&nbsp;21 z\u00e1vodnic na\u0161eho klubu z\u00edskalo medailov\u00e9 pozice 13 d\u011bv\u010dat :<\/p>\n\n\n\n<p>Edita Pla\u0161\u0165\u00e1kov\u00e1&nbsp; &#8211;&nbsp; 3.m\u00edsto nad\u011bje nejmlad\u0161\u00ed 2017<\/p>\n\n\n\n<p>Nina Velnerov\u00e1&nbsp;&nbsp;&nbsp;&nbsp; &#8211;&nbsp; 3.m\u00edsto nad\u011bje mlad\u0161\u00ed B 2015<\/p>\n\n\n\n<p>Sofie Baum&nbsp;&nbsp;&nbsp;&nbsp;&nbsp;&nbsp;&nbsp;&nbsp;&nbsp;&nbsp;&nbsp;&nbsp; &#8211; 1.m\u00edsto nad\u011bje mlad\u0161\u00ed A 2015<\/p>\n\n\n\n<p>Thea Mal\u00ednkov\u00e1&nbsp;&nbsp;&nbsp;&nbsp;&nbsp; &#8211; 2.m\u00edsto nad\u011bje mlad\u0161\u00ed A 2015<\/p>\n\n\n\n<p>S\u00e1ra Kar\u010dm\u00e1\u0159ov\u00e1&nbsp;&nbsp; &#8211; 3.m\u00edsto nad\u011bje mlad\u0161\u00ed A 2015<\/p>\n\n\n\n<p>Mariia Mokhon&nbsp;&nbsp;&nbsp;&nbsp;&nbsp;&nbsp;&nbsp; &#8211; 1.m\u00edsto nad\u011bje mlad\u0161\u00ed A&nbsp; 2014<\/p>\n\n\n\n<p>T\u00e1\u0148a Vidl\u00e1\u0159ov\u00e1&nbsp;&nbsp;&nbsp;&nbsp;&nbsp;&nbsp;&nbsp;&nbsp; &#8211; 2.m\u00edsto nad\u011bje mlad\u0161\u00ed A 2014<\/p>\n\n\n\n<p>Tereza Ky\u0161kov\u00e1&nbsp;&nbsp;&nbsp;&nbsp;&nbsp;&nbsp;&nbsp;&nbsp; &#8211; 3.m\u00edsto nad\u011bje mlad\u0161\u00ed A 2014<\/p>\n\n\n\n<p>Melanie Kubec          &#8211; 2.m\u00edsto nad\u011bje mlad\u0161\u00ed B 2014 <\/p>\n\n\n\n<p>Veronika Syrnykova \u2013 3.m\u00edsto nad\u011bje star\u0161\u00ed B 2013<\/p>\n\n\n\n<p>Nela Pol\u00e1\u0161kov\u00e1&nbsp;&nbsp;&nbsp;&nbsp;&nbsp;&nbsp;&nbsp;&nbsp;&nbsp; &#8211; 2.m\u00edsto juniorky B 2010 -2011<\/p>\n\n\n\n<p>Melanie Dluho\u0161&nbsp;&nbsp;&nbsp;&nbsp;&nbsp;&nbsp;&nbsp;&nbsp;&nbsp; &#8211; 1.m\u00edsto juniorky A 2010-2011<\/p>\n\n\n\n<p>Be\u00e1ta Krej\u010d\u00ed\u010dkov\u00e1&nbsp;&nbsp;&nbsp;&nbsp; &#8211; 3.m\u00edsto seniorky B&nbsp; 2009 a star\u0161\u00ed<\/p>\n\n\n\n<p><strong>V\u0161em gratulujeme a p\u0159ejeme hodn\u011b \u0161t\u011bst\u00ed na dal\u0161\u00edch sout\u011b\u017e\u00edch !!!<\/strong><\/p>\n\n\n\n<figure class=\"wp-block-gallery has-nested-images columns-default is-cropped wp-block-gallery-1 is-layout-flex wp-block-gallery-is-layout-flex\">\n<figure class=\"wp-block-image size-full\"><a href=\"https:\/\/www.mg-sskvitkovice.cz\/wp-content\/uploads\/PHOTO-2025-03-01-14-25-03.jpg\"><img loading=\"lazy\" decoding=\"async\" width=\"2048\" height=\"1536\" data-id=\"2378\" src=\"https:\/\/www.mg-sskvitkovice.cz\/wp-content\/uploads\/PHOTO-2025-03-01-14-25-03.jpg\" alt=\"\" class=\"wp-image-2378\" srcset=\"https:\/\/www.mg-sskvitkovice.cz\/wp-content\/uploads\/PHOTO-2025-03-01-14-25-03.jpg 2048w, https:\/\/www.mg-sskvitkovice.cz\/wp-content\/uploads\/PHOTO-2025-03-01-14-25-03-768x576.jpg 768w, https:\/\/www.mg-sskvitkovice.cz\/wp-content\/uploads\/PHOTO-2025-03-01-14-25-03-1536x1152.jpg 1536w\" sizes=\"auto, (max-width: 2048px) 100vw, 2048px\" \/><\/a><\/figure>\n\n\n\n<figure class=\"wp-block-image size-full\"><a href=\"https:\/\/www.mg-sskvitkovice.cz\/wp-content\/uploads\/d26dbb0c-f995-4c9e-a7c3-caf9306ca896.jpg\"><img loading=\"lazy\" decoding=\"async\" width=\"1200\" height=\"1600\" data-id=\"2396\" src=\"https:\/\/www.mg-sskvitkovice.cz\/wp-content\/uploads\/d26dbb0c-f995-4c9e-a7c3-caf9306ca896.jpg\" alt=\"\" class=\"wp-image-2396\" srcset=\"https:\/\/www.mg-sskvitkovice.cz\/wp-content\/uploads\/d26dbb0c-f995-4c9e-a7c3-caf9306ca896.jpg 1200w, https:\/\/www.mg-sskvitkovice.cz\/wp-content\/uploads\/d26dbb0c-f995-4c9e-a7c3-caf9306ca896-768x1024.jpg 768w, https:\/\/www.mg-sskvitkovice.cz\/wp-content\/uploads\/d26dbb0c-f995-4c9e-a7c3-caf9306ca896-1152x1536.jpg 1152w\" sizes=\"auto, (max-width: 1200px) 100vw, 1200px\" \/><\/a><\/figure>\n<\/figure>\n\n\n\n<!--more-->\n\n\n\n<figure class=\"wp-block-image size-full\"><a href=\"https:\/\/www.mg-sskvitkovice.cz\/wp-content\/uploads\/PHOTO-2025-03-01-14-08-44.jpg\"><img loading=\"lazy\" decoding=\"async\" width=\"1200\" height=\"1600\" src=\"https:\/\/www.mg-sskvitkovice.cz\/wp-content\/uploads\/PHOTO-2025-03-01-14-08-44.jpg\" alt=\"\" class=\"wp-image-2379\" srcset=\"https:\/\/www.mg-sskvitkovice.cz\/wp-content\/uploads\/PHOTO-2025-03-01-14-08-44.jpg 1200w, https:\/\/www.mg-sskvitkovice.cz\/wp-content\/uploads\/PHOTO-2025-03-01-14-08-44-768x1024.jpg 768w, https:\/\/www.mg-sskvitkovice.cz\/wp-content\/uploads\/PHOTO-2025-03-01-14-08-44-1152x1536.jpg 1152w\" sizes=\"auto, (max-width: 1200px) 100vw, 1200px\" \/><\/a><\/figure>\n\n\n\n<figure class=\"wp-block-image size-full\"><a href=\"https:\/\/www.mg-sskvitkovice.cz\/wp-content\/uploads\/PHOTO-2025-03-01-11-07-33.jpg\"><img loading=\"lazy\" decoding=\"async\" width=\"1600\" height=\"1200\" src=\"https:\/\/www.mg-sskvitkovice.cz\/wp-content\/uploads\/PHOTO-2025-03-01-11-07-33.jpg\" alt=\"\" class=\"wp-image-2380\" srcset=\"https:\/\/www.mg-sskvitkovice.cz\/wp-content\/uploads\/PHOTO-2025-03-01-11-07-33.jpg 1600w, https:\/\/www.mg-sskvitkovice.cz\/wp-content\/uploads\/PHOTO-2025-03-01-11-07-33-768x576.jpg 768w, https:\/\/www.mg-sskvitkovice.cz\/wp-content\/uploads\/PHOTO-2025-03-01-11-07-33-1536x1152.jpg 1536w\" sizes=\"auto, (max-width: 1600px) 100vw, 1600px\" \/><\/a><\/figure>\n","protected":false},"excerpt":{"rendered":"<p>V&nbsp;sobotu 1.3. zah\u00e1jily&nbsp; gymnastky&nbsp; na\u0161eho klubu modern\u00ed gymnastiky SSK V\u00edtkovice z\u00e1vodn\u00ed sezonu . \u00da\u010dastnily se I. z\u00e1vodu SM superligy, kter\u00fd se konal v&nbsp;Olomouci.<\/p>\n<p>Z\u00e1vodu se celkem z\u00fa\u010dastilo 87 z\u00e1vodnic ze 6-ti klub\u016f severn\u00ed Moravy.&nbsp; V\u00fdkony byly r\u016fzn\u00e9, tak jak tomu na za\u010d\u00e1tku sezony v\u011bt\u0161inou b\u00fdv\u00e1. N\u011bkomu se da\u0159ilo v\u00edc, n\u011bkomu m\u00e9n\u011b.<\/p>\n<p>Z&nbsp;21 z\u00e1vodnic na\u0161eho klubu z\u00edskalo medailov\u00e9 pozice 13 d\u011bv\u010dat :<\/p>\n<p>Edita Pla\u0161\u0165\u00e1kov\u00e1&nbsp; &#8211;&nbsp; 3.m\u00edsto nad\u011bje nejmlad\u0161\u00ed 2017<\/p>\n<p>Nina Velnerov\u00e1&nbsp;&nbsp;&nbsp;&nbsp; &#8211;&nbsp; 3.m\u00edsto nad\u011bje mlad\u0161\u00ed B 2015<\/p>\n<p>Sofie Baum&nbsp;&nbsp;&nbsp;&nbsp;&nbsp;&nbsp;&nbsp;&nbsp;&nbsp;&nbsp;&nbsp;&nbsp; &#8211; 1.m\u00edsto nad\u011bje mlad\u0161\u00ed A 2015<\/p>\n<p>Thea Mal\u00ednkov\u00e1&nbsp;&nbsp;&nbsp;&nbsp;&nbsp; &#8211; 2.m\u00edsto nad\u011bje mlad\u0161\u00ed A 2015<\/p>\n<p>S\u00e1ra Kar\u010dm\u00e1\u0159ov\u00e1&nbsp;&nbsp; &#8211; 3.m\u00edsto nad\u011bje mlad\u0161\u00ed A 2015<\/p>\n<p>Mariia Mokhon&nbsp;&nbsp;&nbsp;&nbsp;&nbsp;&nbsp;&nbsp; &#8211; 1.m\u00edsto nad\u011bje mlad\u0161\u00ed A&nbsp; 2014<\/p>\n<p>T\u00e1\u0148a Vidl\u00e1\u0159ov\u00e1&nbsp;&nbsp;&nbsp;&nbsp;&nbsp;&nbsp;&nbsp;&nbsp; &#8211; 2.m\u00edsto nad\u011bje mlad\u0161\u00ed A 2014<\/p>\n<p>Tereza Ky\u0161kov\u00e1&nbsp;&nbsp;&nbsp;&nbsp;&nbsp;&nbsp;&nbsp;&nbsp; &#8211; 3.m\u00edsto nad\u011bje mlad\u0161\u00ed A 2014<\/p>\n<p>Melanie Kubec          &#8211; 2.m\u00edsto nad\u011bje mlad\u0161\u00ed B 2014 <\/p>\n<p>Veronika Syrnykova \u2013 3.m\u00edsto nad\u011bje star\u0161\u00ed B 2013<\/p>\n<p>Nela Pol\u00e1\u0161kov\u00e1&nbsp;&nbsp;&nbsp;&nbsp;&nbsp;&nbsp;&nbsp;&nbsp;&nbsp; &#8211; 2.m\u00edsto juniorky B 2010 -2011<\/p>\n<p>Melanie Dluho\u0161&nbsp;&nbsp;&nbsp;&nbsp;&nbsp;&nbsp;&nbsp;&nbsp;&nbsp; &#8211; 1.m\u00edsto juniorky A 2010-2011<\/p>\n<p>Be\u00e1ta Krej\u010d\u00ed\u010dkov\u00e1&nbsp;&nbsp;&nbsp;&nbsp; &#8211; 3.m\u00edsto seniorky B&nbsp; 2009 a star\u0161\u00ed<\/p>\n<p><strong>V\u0161em gratulujeme a p\u0159ejeme hodn\u011b \u0161t\u011bst\u00ed na dal\u0161\u00edch sout\u011b\u017e\u00edch !!!<\/strong><\/p>\n<figure class=\"wp-block-gallery has-nested-images columns-default is-cropped wp-block-gallery-2 is-layout-flex wp-block-gallery-is-layout-flex\">\n<figure class=\"wp-block-image size-full\"><a href=\"https:\/\/www.mg-sskvitkovice.cz\/wp-content\/uploads\/PHOTO-2025-03-01-14-25-03.jpg\"><img loading=\"lazy\" decoding=\"async\" width=\"2048\" height=\"1536\" data-id=\"2378\" src=\"https:\/\/www.mg-sskvitkovice.cz\/wp-content\/uploads\/PHOTO-2025-03-01-14-25-03.jpg\" alt=\"\" class=\"wp-image-2378\" srcset=\"https:\/\/www.mg-sskvitkovice.cz\/wp-content\/uploads\/PHOTO-2025-03-01-14-25-03.jpg 2048w, https:\/\/www.mg-sskvitkovice.cz\/wp-content\/uploads\/PHOTO-2025-03-01-14-25-03-768x576.jpg 768w, https:\/\/www.mg-sskvitkovice.cz\/wp-content\/uploads\/PHOTO-2025-03-01-14-25-03-1536x1152.jpg 1536w\" sizes=\"auto, (max-width: 2048px) 100vw, 2048px\" \/><\/a><\/figure>\n<figure class=\"wp-block-image size-full\"><a href=\"https:\/\/www.mg-sskvitkovice.cz\/wp-content\/uploads\/d26dbb0c-f995-4c9e-a7c3-caf9306ca896.jpg\"><img loading=\"lazy\" decoding=\"async\" width=\"1200\" height=\"1600\" data-id=\"2396\" src=\"https:\/\/www.mg-sskvitkovice.cz\/wp-content\/uploads\/d26dbb0c-f995-4c9e-a7c3-caf9306ca896.jpg\" alt=\"\" class=\"wp-image-2396\" srcset=\"https:\/\/www.mg-sskvitkovice.cz\/wp-content\/uploads\/d26dbb0c-f995-4c9e-a7c3-caf9306ca896.jpg 1200w, https:\/\/www.mg-sskvitkovice.cz\/wp-content\/uploads\/d26dbb0c-f995-4c9e-a7c3-caf9306ca896-768x1024.jpg 768w, https:\/\/www.mg-sskvitkovice.cz\/wp-content\/uploads\/d26dbb0c-f995-4c9e-a7c3-caf9306ca896-1152x1536.jpg 1152w\" sizes=\"auto, (max-width: 1200px) 100vw, 1200px\" \/><\/a><\/figure>\n<\/figure>\n<p><a class=\"more\" href=\"https:\/\/www.mg-sskvitkovice.cz\/?p=2377\" title=\"Read More\"> [&#8230;] <\/a><\/p>\n","protected":false},"author":1,"featured_media":0,"comment_status":"open","ping_status":"open","sticky":false,"template":"","format":"standard","meta":{"ngg_post_thumbnail":0,"footnotes":""},"categories":[11,17],"tags":[],"class_list":["post-2377","post","type-post","status-publish","format-standard","hentry","category-novinky","category-vysledky","post-container col-md-12"],"_links":{"self":[{"href":"https:\/\/www.mg-sskvitkovice.cz\/index.php?rest_route=\/wp\/v2\/posts\/2377","targetHints":{"allow":["GET"]}}],"collection":[{"href":"https:\/\/www.mg-sskvitkovice.cz\/index.php?rest_route=\/wp\/v2\/posts"}],"about":[{"href":"https:\/\/www.mg-sskvitkovice.cz\/index.php?rest_route=\/wp\/v2\/types\/post"}],"author":[{"embeddable":true,"href":"https:\/\/www.mg-sskvitkovice.cz\/index.php?rest_route=\/wp\/v2\/users\/1"}],"replies":[{"embeddable":true,"href":"https:\/\/www.mg-sskvitkovice.cz\/index.php?rest_route=%2Fwp%2Fv2%2Fcomments&post=2377"}],"version-history":[{"count":3,"href":"https:\/\/www.mg-sskvitkovice.cz\/index.php?rest_route=\/wp\/v2\/posts\/2377\/revisions"}],"predecessor-version":[{"id":2397,"href":"https:\/\/www.mg-sskvitkovice.cz\/index.php?rest_route=\/wp\/v2\/posts\/2377\/revisions\/2397"}],"wp:attachment":[{"href":"https:\/\/www.mg-sskvitkovice.cz\/index.php?rest_route=%2Fwp%2Fv2%2Fmedia&parent=2377"}],"wp:term":[{"taxonomy":"category","embeddable":true,"href":"https:\/\/www.mg-sskvitkovice.cz\/index.php?rest_route=%2Fwp%2Fv2%2Fcategories&post=2377"},{"taxonomy":"post_tag","embeddable":true,"href":"https:\/\/www.mg-sskvitkovice.cz\/index.php?rest_route=%2Fwp%2Fv2%2Ftags&post=2377"}],"curies":[{"name":"wp","href":"https:\/\/api.w.org\/{rel}","templated":true}]}}